
{"id":242348,"date":"2024-10-31T15:55:17","date_gmt":"2024-10-31T14:55:17","guid":{"rendered":"https:\/\/optoplast.org\/?p=242348"},"modified":"2025-02-03T14:02:19","modified_gmt":"2025-02-03T13:02:19","slug":"claudio-lucato-responsabilita-operativa-commerciale-di-optoplast-per-il-mercato-italiano","status":"publish","type":"post","link":"https:\/\/optoplast.org\/en\/claudio-lucato-responsabilita-operativa-commerciale-di-optoplast-per-il-mercato-italiano\/","title":{"rendered":"Claudio Lucato: Responsabilit\u00e0 operativa commerciale di Optoplast per il mercato italiano"},"content":{"rendered":"<p>A far data dal 1 di novembre 2024, Claudio Lucato, attuale direttore commerciale di Optoplast, dopo un processo di passaggio di consegne interno con Gianni Spadaro, avr\u00e0 un ruolo operativo e responsabilit\u00e0 sul mercato italiano.<br \/>\nClaudio Lucato riporter\u00e0 all\u2019Amministratore Delegato Marco Viarenghi.<br \/>\nGianni Spadaro continuer\u00e0 a ricoprire il ruolo di Presidente del Consiglio di Amministrazione.<br \/>\nClaudio Lucato, forte della sua esperienza trentennale in ambito telecom, contribuir\u00e0 allo sviluppo commerciale ed al rafforzamento della Societ\u00e0 Optoplast e del Suo Gruppo Star Connect.<br \/>\nAuguriamo al nuovo direttore commerciale Claudio Lucato, buon lavoro.<\/p>","protected":false},"excerpt":{"rendered":"<p>A far data dal 1 di novembre 2024, Claudio Lucato, attuale direttore commerciale di Optoplast, dopo un processo di passaggio di consegne interno con Gianni Spadaro, avr\u00e0 un ruolo operativo e responsabilit\u00e0 sul mercato italiano. Claudio Lucato riporter\u00e0 all\u2019Amministratore Delegato Marco Viarenghi. Gianni Spadaro continuer\u00e0 a ricoprire il ruolo di Presidente del Consiglio di Amministrazione. [&hellip;]<\/p>\n","protected":false},"author":1,"featured_media":242361,"comment_status":"closed","ping_status":"closed","sticky":false,"template":"","format":"standard","meta":{"_acf_changed":false,"_et_pb_use_builder":"","_et_pb_old_content":"","_et_gb_content_width":"","footnotes":""},"categories":[11],"tags":[],"class_list":["post-242348","post","type-post","status-publish","format-standard","has-post-thumbnail","hentry","category-news"],"acf":[],"yoast_head":"<!-- This site is optimized with the Yoast SEO plugin v27.2 - https:\/\/yoast.com\/product\/yoast-seo-wordpress\/ -->\n<title>Claudio Lucato: Responsabilit\u00e0 operativa commerciale di Optoplast per il mercato italiano - Optoplast<\/title>\n<meta name=\"robots\" content=\"index, follow, max-snippet:-1, max-image-preview:large, max-video-preview:-1\" \/>\n<link rel=\"canonical\" href=\"https:\/\/optoplast.org\/en\/claudio-lucato-responsabilita-operativa-commerciale-di-optoplast-per-il-mercato-italiano\/\" \/>\n<meta property=\"og:locale\" content=\"en_GB\" \/>\n<meta property=\"og:type\" content=\"article\" \/>\n<meta property=\"og:title\" content=\"Claudio Lucato: Responsabilit\u00e0 operativa commerciale di Optoplast per il mercato italiano - Optoplast\" \/>\n<meta property=\"og:description\" content=\"A far data dal 1 di novembre 2024, Claudio Lucato, attuale direttore commerciale di Optoplast, dopo un processo di passaggio di consegne interno con Gianni Spadaro, avr\u00e0 un ruolo operativo e responsabilit\u00e0 sul mercato italiano. Claudio Lucato riporter\u00e0 all\u2019Amministratore Delegato Marco Viarenghi. Gianni Spadaro continuer\u00e0 a ricoprire il ruolo di Presidente del Consiglio di Amministrazione. [&hellip;]\" \/>\n<meta property=\"og:url\" content=\"https:\/\/optoplast.org\/en\/claudio-lucato-responsabilita-operativa-commerciale-di-optoplast-per-il-mercato-italiano\/\" \/>\n<meta property=\"og:site_name\" content=\"Optoplast\" \/>\n<meta property=\"article:published_time\" content=\"2024-10-31T14:55:17+00:00\" \/>\n<meta property=\"article:modified_time\" content=\"2025-02-03T13:02:19+00:00\" \/>\n<meta property=\"og:image\" content=\"https:\/\/optoplast.org\/wp-content\/uploads\/2025\/02\/header_post.png\" \/>\n\t<meta property=\"og:image:width\" content=\"700\" \/>\n\t<meta property=\"og:image:height\" content=\"400\" \/>\n\t<meta property=\"og:image:type\" content=\"image\/png\" \/>\n<meta name=\"author\" content=\"admin_opto\" \/>\n<meta name=\"twitter:card\" content=\"summary_large_image\" \/>\n<meta name=\"twitter:label1\" content=\"Written by\" \/>\n\t<meta name=\"twitter:data1\" content=\"admin_opto\" \/>\n\t<meta name=\"twitter:label2\" content=\"Estimated reading time\" \/>\n\t<meta name=\"twitter:data2\" content=\"1 minute\" \/>\n<script type=\"application\/ld+json\" class=\"yoast-schema-graph\">{\"@context\":\"https:\/\/schema.org\",\"@graph\":[{\"@type\":\"Article\",\"@id\":\"https:\/\/optoplast.org\/claudio-lucato-responsabilita-operativa-commerciale-di-optoplast-per-il-mercato-italiano\/#article\",\"isPartOf\":{\"@id\":\"https:\/\/optoplast.org\/claudio-lucato-responsabilita-operativa-commerciale-di-optoplast-per-il-mercato-italiano\/\"},\"author\":{\"name\":\"admin_opto\",\"@id\":\"https:\/\/optoplast.org\/#\/schema\/person\/326d29b14f988db85a7d8b7b9c7cec8d\"},\"headline\":\"Claudio Lucato: Responsabilit\u00e0 operativa commerciale di Optoplast per il mercato italiano\",\"datePublished\":\"2024-10-31T14:55:17+00:00\",\"dateModified\":\"2025-02-03T13:02:19+00:00\",\"mainEntityOfPage\":{\"@id\":\"https:\/\/optoplast.org\/claudio-lucato-responsabilita-operativa-commerciale-di-optoplast-per-il-mercato-italiano\/\"},\"wordCount\":100,\"publisher\":{\"@id\":\"https:\/\/optoplast.org\/#organization\"},\"image\":{\"@id\":\"https:\/\/optoplast.org\/claudio-lucato-responsabilita-operativa-commerciale-di-optoplast-per-il-mercato-italiano\/#primaryimage\"},\"thumbnailUrl\":\"https:\/\/optoplast.org\/wp-content\/uploads\/2025\/02\/header_post.png\",\"articleSection\":[\"News\"],\"inLanguage\":\"en-GB\"},{\"@type\":\"WebPage\",\"@id\":\"https:\/\/optoplast.org\/claudio-lucato-responsabilita-operativa-commerciale-di-optoplast-per-il-mercato-italiano\/\",\"url\":\"https:\/\/optoplast.org\/claudio-lucato-responsabilita-operativa-commerciale-di-optoplast-per-il-mercato-italiano\/\",\"name\":\"Claudio Lucato: Responsabilit\u00e0 operativa commerciale di Optoplast per il mercato italiano - Optoplast\",\"isPartOf\":{\"@id\":\"https:\/\/optoplast.org\/#website\"},\"primaryImageOfPage\":{\"@id\":\"https:\/\/optoplast.org\/claudio-lucato-responsabilita-operativa-commerciale-di-optoplast-per-il-mercato-italiano\/#primaryimage\"},\"image\":{\"@id\":\"https:\/\/optoplast.org\/claudio-lucato-responsabilita-operativa-commerciale-di-optoplast-per-il-mercato-italiano\/#primaryimage\"},\"thumbnailUrl\":\"https:\/\/optoplast.org\/wp-content\/uploads\/2025\/02\/header_post.png\",\"datePublished\":\"2024-10-31T14:55:17+00:00\",\"dateModified\":\"2025-02-03T13:02:19+00:00\",\"breadcrumb\":{\"@id\":\"https:\/\/optoplast.org\/claudio-lucato-responsabilita-operativa-commerciale-di-optoplast-per-il-mercato-italiano\/#breadcrumb\"},\"inLanguage\":\"en-GB\",\"potentialAction\":[{\"@type\":\"ReadAction\",\"target\":[\"https:\/\/optoplast.org\/claudio-lucato-responsabilita-operativa-commerciale-di-optoplast-per-il-mercato-italiano\/\"]}]},{\"@type\":\"ImageObject\",\"inLanguage\":\"en-GB\",\"@id\":\"https:\/\/optoplast.org\/claudio-lucato-responsabilita-operativa-commerciale-di-optoplast-per-il-mercato-italiano\/#primaryimage\",\"url\":\"https:\/\/optoplast.org\/wp-content\/uploads\/2025\/02\/header_post.png\",\"contentUrl\":\"https:\/\/optoplast.org\/wp-content\/uploads\/2025\/02\/header_post.png\",\"width\":700,\"height\":400},{\"@type\":\"BreadcrumbList\",\"@id\":\"https:\/\/optoplast.org\/claudio-lucato-responsabilita-operativa-commerciale-di-optoplast-per-il-mercato-italiano\/#breadcrumb\",\"itemListElement\":[{\"@type\":\"ListItem\",\"position\":1,\"name\":\"Home\",\"item\":\"https:\/\/optoplast.org\/\"},{\"@type\":\"ListItem\",\"position\":2,\"name\":\"Claudio Lucato: Responsabilit\u00e0 operativa commerciale di Optoplast per il mercato italiano\"}]},{\"@type\":\"WebSite\",\"@id\":\"https:\/\/optoplast.org\/#website\",\"url\":\"https:\/\/optoplast.org\/\",\"name\":\"OptoPlast\",\"description\":\"leader nel settore delle Telecomunicazioni\",\"publisher\":{\"@id\":\"https:\/\/optoplast.org\/#organization\"},\"potentialAction\":[{\"@type\":\"SearchAction\",\"target\":{\"@type\":\"EntryPoint\",\"urlTemplate\":\"https:\/\/optoplast.org\/?s={search_term_string}\"},\"query-input\":{\"@type\":\"PropertyValueSpecification\",\"valueRequired\":true,\"valueName\":\"search_term_string\"}}],\"inLanguage\":\"en-GB\"},{\"@type\":\"Organization\",\"@id\":\"https:\/\/optoplast.org\/#organization\",\"name\":\"OptoPlast\",\"url\":\"https:\/\/optoplast.org\/\",\"logo\":{\"@type\":\"ImageObject\",\"inLanguage\":\"en-GB\",\"@id\":\"https:\/\/optoplast.org\/#\/schema\/logo\/image\/\",\"url\":\"https:\/\/optoplast.org\/wp-content\/uploads\/2024\/03\/optoplast_logmenu.png\",\"contentUrl\":\"https:\/\/optoplast.org\/wp-content\/uploads\/2024\/03\/optoplast_logmenu.png\",\"width\":566,\"height\":251,\"caption\":\"OptoPlast\"},\"image\":{\"@id\":\"https:\/\/optoplast.org\/#\/schema\/logo\/image\/\"}},{\"@type\":\"Person\",\"@id\":\"https:\/\/optoplast.org\/#\/schema\/person\/326d29b14f988db85a7d8b7b9c7cec8d\",\"name\":\"admin_opto\",\"image\":{\"@type\":\"ImageObject\",\"inLanguage\":\"en-GB\",\"@id\":\"https:\/\/secure.gravatar.com\/avatar\/6744449419667dfb341bdd8de4691a7e0fc47da17a6631c11ce6058be38e4b75?s=96&d=mm&r=g\",\"url\":\"https:\/\/secure.gravatar.com\/avatar\/6744449419667dfb341bdd8de4691a7e0fc47da17a6631c11ce6058be38e4b75?s=96&d=mm&r=g\",\"contentUrl\":\"https:\/\/secure.gravatar.com\/avatar\/6744449419667dfb341bdd8de4691a7e0fc47da17a6631c11ce6058be38e4b75?s=96&d=mm&r=g\",\"caption\":\"admin_opto\"},\"sameAs\":[\"https:\/\/optoplast.org\"]}]}<\/script>\n<!-- \/ Yoast SEO plugin. -->","yoast_head_json":{"title":"Claudio Lucato: Responsabilit\u00e0 operativa commerciale di Optoplast per il mercato italiano - Optoplast","robots":{"index":"index","follow":"follow","max-snippet":"max-snippet:-1","max-image-preview":"max-image-preview:large","max-video-preview":"max-video-preview:-1"},"canonical":"https:\/\/optoplast.org\/en\/claudio-lucato-responsabilita-operativa-commerciale-di-optoplast-per-il-mercato-italiano\/","og_locale":"en_GB","og_type":"article","og_title":"Claudio Lucato: Responsabilit\u00e0 operativa commerciale di Optoplast per il mercato italiano - Optoplast","og_description":"A far data dal 1 di novembre 2024, Claudio Lucato, attuale direttore commerciale di Optoplast, dopo un processo di passaggio di consegne interno con Gianni Spadaro, avr\u00e0 un ruolo operativo e responsabilit\u00e0 sul mercato italiano. Claudio Lucato riporter\u00e0 all\u2019Amministratore Delegato Marco Viarenghi. Gianni Spadaro continuer\u00e0 a ricoprire il ruolo di Presidente del Consiglio di Amministrazione. [&hellip;]","og_url":"https:\/\/optoplast.org\/en\/claudio-lucato-responsabilita-operativa-commerciale-di-optoplast-per-il-mercato-italiano\/","og_site_name":"Optoplast","article_published_time":"2024-10-31T14:55:17+00:00","article_modified_time":"2025-02-03T13:02:19+00:00","og_image":[{"width":700,"height":400,"url":"https:\/\/optoplast.org\/wp-content\/uploads\/2025\/02\/header_post.png","type":"image\/png"}],"author":"admin_opto","twitter_card":"summary_large_image","twitter_misc":{"Written by":"admin_opto","Estimated reading time":"1 minute"},"schema":{"@context":"https:\/\/schema.org","@graph":[{"@type":"Article","@id":"https:\/\/optoplast.org\/claudio-lucato-responsabilita-operativa-commerciale-di-optoplast-per-il-mercato-italiano\/#article","isPartOf":{"@id":"https:\/\/optoplast.org\/claudio-lucato-responsabilita-operativa-commerciale-di-optoplast-per-il-mercato-italiano\/"},"author":{"name":"admin_opto","@id":"https:\/\/optoplast.org\/#\/schema\/person\/326d29b14f988db85a7d8b7b9c7cec8d"},"headline":"Claudio Lucato: Responsabilit\u00e0 operativa commerciale di Optoplast per il mercato italiano","datePublished":"2024-10-31T14:55:17+00:00","dateModified":"2025-02-03T13:02:19+00:00","mainEntityOfPage":{"@id":"https:\/\/optoplast.org\/claudio-lucato-responsabilita-operativa-commerciale-di-optoplast-per-il-mercato-italiano\/"},"wordCount":100,"publisher":{"@id":"https:\/\/optoplast.org\/#organization"},"image":{"@id":"https:\/\/optoplast.org\/claudio-lucato-responsabilita-operativa-commerciale-di-optoplast-per-il-mercato-italiano\/#primaryimage"},"thumbnailUrl":"https:\/\/optoplast.org\/wp-content\/uploads\/2025\/02\/header_post.png","articleSection":["News"],"inLanguage":"en-GB"},{"@type":"WebPage","@id":"https:\/\/optoplast.org\/claudio-lucato-responsabilita-operativa-commerciale-di-optoplast-per-il-mercato-italiano\/","url":"https:\/\/optoplast.org\/claudio-lucato-responsabilita-operativa-commerciale-di-optoplast-per-il-mercato-italiano\/","name":"Claudio Lucato: Responsabilit\u00e0 operativa commerciale di Optoplast per il mercato italiano - Optoplast","isPartOf":{"@id":"https:\/\/optoplast.org\/#website"},"primaryImageOfPage":{"@id":"https:\/\/optoplast.org\/claudio-lucato-responsabilita-operativa-commerciale-di-optoplast-per-il-mercato-italiano\/#primaryimage"},"image":{"@id":"https:\/\/optoplast.org\/claudio-lucato-responsabilita-operativa-commerciale-di-optoplast-per-il-mercato-italiano\/#primaryimage"},"thumbnailUrl":"https:\/\/optoplast.org\/wp-content\/uploads\/2025\/02\/header_post.png","datePublished":"2024-10-31T14:55:17+00:00","dateModified":"2025-02-03T13:02:19+00:00","breadcrumb":{"@id":"https:\/\/optoplast.org\/claudio-lucato-responsabilita-operativa-commerciale-di-optoplast-per-il-mercato-italiano\/#breadcrumb"},"inLanguage":"en-GB","potentialAction":[{"@type":"ReadAction","target":["https:\/\/optoplast.org\/claudio-lucato-responsabilita-operativa-commerciale-di-optoplast-per-il-mercato-italiano\/"]}]},{"@type":"ImageObject","inLanguage":"en-GB","@id":"https:\/\/optoplast.org\/claudio-lucato-responsabilita-operativa-commerciale-di-optoplast-per-il-mercato-italiano\/#primaryimage","url":"https:\/\/optoplast.org\/wp-content\/uploads\/2025\/02\/header_post.png","contentUrl":"https:\/\/optoplast.org\/wp-content\/uploads\/2025\/02\/header_post.png","width":700,"height":400},{"@type":"BreadcrumbList","@id":"https:\/\/optoplast.org\/claudio-lucato-responsabilita-operativa-commerciale-di-optoplast-per-il-mercato-italiano\/#breadcrumb","itemListElement":[{"@type":"ListItem","position":1,"name":"Home","item":"https:\/\/optoplast.org\/"},{"@type":"ListItem","position":2,"name":"Claudio Lucato: Responsabilit\u00e0 operativa commerciale di Optoplast per il mercato italiano"}]},{"@type":"WebSite","@id":"https:\/\/optoplast.org\/#website","url":"https:\/\/optoplast.org\/","name":"OptoPlast","description":"leader nel settore delle Telecomunicazioni","publisher":{"@id":"https:\/\/optoplast.org\/#organization"},"potentialAction":[{"@type":"SearchAction","target":{"@type":"EntryPoint","urlTemplate":"https:\/\/optoplast.org\/?s={search_term_string}"},"query-input":{"@type":"PropertyValueSpecification","valueRequired":true,"valueName":"search_term_string"}}],"inLanguage":"en-GB"},{"@type":"Organization","@id":"https:\/\/optoplast.org\/#organization","name":"OptoPlast","url":"https:\/\/optoplast.org\/","logo":{"@type":"ImageObject","inLanguage":"en-GB","@id":"https:\/\/optoplast.org\/#\/schema\/logo\/image\/","url":"https:\/\/optoplast.org\/wp-content\/uploads\/2024\/03\/optoplast_logmenu.png","contentUrl":"https:\/\/optoplast.org\/wp-content\/uploads\/2024\/03\/optoplast_logmenu.png","width":566,"height":251,"caption":"OptoPlast"},"image":{"@id":"https:\/\/optoplast.org\/#\/schema\/logo\/image\/"}},{"@type":"Person","@id":"https:\/\/optoplast.org\/#\/schema\/person\/326d29b14f988db85a7d8b7b9c7cec8d","name":"admin_opto","image":{"@type":"ImageObject","inLanguage":"en-GB","@id":"https:\/\/secure.gravatar.com\/avatar\/6744449419667dfb341bdd8de4691a7e0fc47da17a6631c11ce6058be38e4b75?s=96&d=mm&r=g","url":"https:\/\/secure.gravatar.com\/avatar\/6744449419667dfb341bdd8de4691a7e0fc47da17a6631c11ce6058be38e4b75?s=96&d=mm&r=g","contentUrl":"https:\/\/secure.gravatar.com\/avatar\/6744449419667dfb341bdd8de4691a7e0fc47da17a6631c11ce6058be38e4b75?s=96&d=mm&r=g","caption":"admin_opto"},"sameAs":["https:\/\/optoplast.org"]}]}},"_links":{"self":[{"href":"https:\/\/optoplast.org\/en\/wp-json\/wp\/v2\/posts\/242348","targetHints":{"allow":["GET"]}}],"collection":[{"href":"https:\/\/optoplast.org\/en\/wp-json\/wp\/v2\/posts"}],"about":[{"href":"https:\/\/optoplast.org\/en\/wp-json\/wp\/v2\/types\/post"}],"author":[{"embeddable":true,"href":"https:\/\/optoplast.org\/en\/wp-json\/wp\/v2\/users\/1"}],"replies":[{"embeddable":true,"href":"https:\/\/optoplast.org\/en\/wp-json\/wp\/v2\/comments?post=242348"}],"version-history":[{"count":1,"href":"https:\/\/optoplast.org\/en\/wp-json\/wp\/v2\/posts\/242348\/revisions"}],"predecessor-version":[{"id":242349,"href":"https:\/\/optoplast.org\/en\/wp-json\/wp\/v2\/posts\/242348\/revisions\/242349"}],"wp:featuredmedia":[{"embeddable":true,"href":"https:\/\/optoplast.org\/en\/wp-json\/wp\/v2\/media\/242361"}],"wp:attachment":[{"href":"https:\/\/optoplast.org\/en\/wp-json\/wp\/v2\/media?parent=242348"}],"wp:term":[{"taxonomy":"category","embeddable":true,"href":"https:\/\/optoplast.org\/en\/wp-json\/wp\/v2\/categories?post=242348"},{"taxonomy":"post_tag","embeddable":true,"href":"https:\/\/optoplast.org\/en\/wp-json\/wp\/v2\/tags?post=242348"}],"curies":[{"name":"wp","href":"https:\/\/api.w.org\/{rel}","templated":true}]}}